{"id":2534,"date":"2015-12-01T15:30:14","date_gmt":"2015-12-01T14:30:14","guid":{"rendered":"https:\/\/thinking.holistic-net.de\/?p=2534"},"modified":"2015-12-01T15:30:14","modified_gmt":"2015-12-01T14:30:14","slug":"holistische-kaminnutzung","status":"publish","type":"post","link":"https:\/\/thinking.holistic-net.de\/?p=2534&lang=de","title":{"rendered":"Holistische Kaminnutzung"},"content":{"rendered":"<p><a href=\"https:\/\/thinking.holistic-net.de\/wp-content\/uploads\/2015\/12\/Div-002.jpg\"><img loading=\"lazy\" decoding=\"async\" class=\"alignleft  wp-image-2536\" src=\"https:\/\/thinking.holistic-net.de\/wp-content\/uploads\/2015\/12\/Div-002-600x450.jpg\" alt=\"Div 002\" width=\"272\" height=\"207\" \/><\/a> <a href=\"https:\/\/thinking.holistic-net.de\/wp-content\/uploads\/2015\/12\/Div-001.jpg\"><img loading=\"lazy\" decoding=\"async\" class=\"alignleft  wp-image-2538\" src=\"https:\/\/thinking.holistic-net.de\/wp-content\/uploads\/2015\/12\/Div-001-600x450.jpg\" alt=\"Div 001\" width=\"275\" height=\"209\" \/><\/a>Vielleicht kommt es in diesem Winter ja nach 12 Jahren in unserem B\u00fcro mal zur holistischen Kaminnutzung. Wo wir doch so gerne Kamingespr\u00e4che f\u00fchren. Da m\u00fcsste sich dann mal jemand um taugliches Holz k\u00fcmmern. Der Schornsteinfeger hat jedenfalls sein OK gegeben.<\/p>\n<p>Solange die Adventss\u00e4ckchen davor h\u00e4ngen ist wegen des hohen Schokoanteils in den S\u00e4ckchen jedoch davon abzuraten.<\/p>\n<p>Der Inhalt von S\u00e4ckchen 1 reicht dann auch gleich mal zur Ganztagsern\u00e4hrung. Alternativ kann man sich ja auch was aufheben.<\/p>\n","protected":false},"excerpt":{"rendered":"<p>Vielleicht kommt es in diesem Winter ja nach 12 Jahren in unserem B\u00fcro mal zur holistischen Kaminnutzung. Wo wir doch so gerne Kamingespr\u00e4che f\u00fchren. Da m\u00fcsste sich dann mal jemand um taugliches Holz k\u00fcmmern. Der Schornsteinfeger hat jedenfalls sein OK &hellip; <a href=\"https:\/\/thinking.holistic-net.de\/?p=2534&#038;lang=de\">Weiterlesen <span class=\"meta-nav\">&rarr;<\/span><\/a><\/p>\n","protected":false},"author":6,"featured_media":0,"comment_status":"open","ping_status":"open","sticky":false,"template":"","format":"standard","meta":{"footnotes":""},"categories":[195],"tags":[506,504],"class_list":["post-2534","post","type-post","status-publish","format-standard","hentry","category-kultur","tag-advent","tag-kamin"],"_links":{"self":[{"href":"https:\/\/thinking.holistic-net.de\/index.php?rest_route=\/wp\/v2\/posts\/2534","targetHints":{"allow":["GET"]}}],"collection":[{"href":"https:\/\/thinking.holistic-net.de\/index.php?rest_route=\/wp\/v2\/posts"}],"about":[{"href":"https:\/\/thinking.holistic-net.de\/index.php?rest_route=\/wp\/v2\/types\/post"}],"author":[{"embeddable":true,"href":"https:\/\/thinking.holistic-net.de\/index.php?rest_route=\/wp\/v2\/users\/6"}],"replies":[{"embeddable":true,"href":"https:\/\/thinking.holistic-net.de\/index.php?rest_route=%2Fwp%2Fv2%2Fcomments&post=2534"}],"version-history":[{"count":1,"href":"https:\/\/thinking.holistic-net.de\/index.php?rest_route=\/wp\/v2\/posts\/2534\/revisions"}],"predecessor-version":[{"id":2539,"href":"https:\/\/thinking.holistic-net.de\/index.php?rest_route=\/wp\/v2\/posts\/2534\/revisions\/2539"}],"wp:attachment":[{"href":"https:\/\/thinking.holistic-net.de\/index.php?rest_route=%2Fwp%2Fv2%2Fmedia&parent=2534"}],"wp:term":[{"taxonomy":"category","embeddable":true,"href":"https:\/\/thinking.holistic-net.de\/index.php?rest_route=%2Fwp%2Fv2%2Fcategories&post=2534"},{"taxonomy":"post_tag","embeddable":true,"href":"https:\/\/thinking.holistic-net.de\/index.php?rest_route=%2Fwp%2Fv2%2Ftags&post=2534"}],"curies":[{"name":"wp","href":"https:\/\/api.w.org\/{rel}","templated":true}]}}